{"id":48127,"date":"2023-07-22T17:48:07","date_gmt":"2023-07-22T15:48:07","guid":{"rendered":"https:\/\/www.team-nijhof.nl\/2023\/07\/22\/r-i-p-denzel-vt-meulenhof\/"},"modified":"2023-07-23T17:24:42","modified_gmt":"2023-07-23T15:24:42","slug":"r-i-p-denzel-vt-meulenhof","status":"publish","type":"post","link":"https:\/\/www.team-nijhof.nl\/de\/2023\/07\/22\/r-i-p-denzel-vt-meulenhof\/","title":{"rendered":"R.I.P. Denzel vt Meulenhof"},"content":{"rendered":"<p>V\u00f6llig unerwartet ist heute der 14-j\u00e4hrige Hengst Denzel vt Meulenhof an den Folgen einer Kolik gestorben. Dieser Top-Hengst war seit 2021 ein wertvoller Gewinn f\u00fcr unsere Zuchtstation und wurde unl\u00e4ngst f\u00fcr KWPN und Hannover gek\u00f6rt.<\/p>\n<p>Wir danken den Mitbesitzern Joris de Brabander und Jimmy Vermeulen f\u00fcr das in uns gesetzte Vertrauen und hoffen, dass er durch die Leistung seiner Nachkommen unsterblich wird.\u00a0Denzel vt Meulenhof wird weiterhin \u00fcber Tiefgefriersperma verf\u00fcgbar sein.<\/p>\n<p>&nbsp;<\/p>\n","protected":false},"excerpt":{"rendered":"<p>V\u00f6llig unerwartet ist heute der 14-j\u00e4hrige Hengst Denzel vt Meulenhof an den Folgen einer Kolik gestorben. Dieser Top-Hengst war seit 2021 ein wertvoller Gewinn f\u00fcr unsere Zuchtstation und wurde unl\u00e4ngst f\u00fcr KWPN und Hannover gek\u00f6rt. Wir danken den Mitbesitzern Joris de Brabander und Jimmy Vermeulen f\u00fcr das in uns gesetzte Vertrauen und hoffen, dass er durch die Leistung seiner Nachkommen unsterblich wird.\u00a0Denzel vt Meulenhof wird weiterhin \u00fcber Tiefgefriersperma verf\u00fcgbar sein. &nbsp;<\/p>\n","protected":false},"author":4,"featured_media":33336,"comment_status":"closed","ping_status":"open","sticky":false,"template":"","format":"standard","meta":{"footnotes":""},"categories":[163],"tags":[],"class_list":["post-48127","post","type-post","status-publish","format-standard","has-post-thumbnail","hentry","category-2023-de"],"_links":{"self":[{"href":"https:\/\/www.team-nijhof.nl\/de\/wp-json\/wp\/v2\/posts\/48127","targetHints":{"allow":["GET"]}}],"collection":[{"href":"https:\/\/www.team-nijhof.nl\/de\/wp-json\/wp\/v2\/posts"}],"about":[{"href":"https:\/\/www.team-nijhof.nl\/de\/wp-json\/wp\/v2\/types\/post"}],"author":[{"embeddable":true,"href":"https:\/\/www.team-nijhof.nl\/de\/wp-json\/wp\/v2\/users\/4"}],"replies":[{"embeddable":true,"href":"https:\/\/www.team-nijhof.nl\/de\/wp-json\/wp\/v2\/comments?post=48127"}],"version-history":[{"count":2,"href":"https:\/\/www.team-nijhof.nl\/de\/wp-json\/wp\/v2\/posts\/48127\/revisions"}],"predecessor-version":[{"id":48131,"href":"https:\/\/www.team-nijhof.nl\/de\/wp-json\/wp\/v2\/posts\/48127\/revisions\/48131"}],"wp:featuredmedia":[{"embeddable":true,"href":"https:\/\/www.team-nijhof.nl\/de\/wp-json\/wp\/v2\/media\/33336"}],"wp:attachment":[{"href":"https:\/\/www.team-nijhof.nl\/de\/wp-json\/wp\/v2\/media?parent=48127"}],"wp:term":[{"taxonomy":"category","embeddable":true,"href":"https:\/\/www.team-nijhof.nl\/de\/wp-json\/wp\/v2\/categories?post=48127"},{"taxonomy":"post_tag","embeddable":true,"href":"https:\/\/www.team-nijhof.nl\/de\/wp-json\/wp\/v2\/tags?post=48127"}],"curies":[{"name":"wp","href":"https:\/\/api.w.org\/{rel}","templated":true}]}}